{"id":4443,"date":"2018-06-19T20:08:01","date_gmt":"2018-06-19T19:08:01","guid":{"rendered":"http:\/\/vitamundi.org\/situacio-demergencia-a-guatemala\/"},"modified":"2018-06-25T17:53:46","modified_gmt":"2018-06-25T16:53:46","slug":"situacio-demergencia-a-guatemala","status":"publish","type":"post","link":"http:\/\/vitamundi.org\/ca\/situacio-demergencia-a-guatemala\/","title":{"rendered":"Emerg\u00e8ncia a Guatemala"},"content":{"rendered":"<h2>Situaci\u00f3 d&#8217;emerg\u00e8ncia a Guatemala<\/h2>\n<p>Tot el nostre recol\u00e7ament i solidaritat amb les Gnes.Betsab\u00e9 i Elvisa, que dirigeixen\u00a0 el Hogar Nido\u00a0 Jes\u00fas\u00a0 Ni\u00f1o a San Miguel Due\u00f1as i amb les que col.laborem apadrinant alguns dels nens acollits, afectades\u00a0 per la erupci\u00f3 del volc\u00e0 Fuego.<\/p>\n<p>Per sort no\u00a0sigut necesari\u00a0evacuar el Hogar, per\u00f2 a causa de les cendres\u00a0 i pluja de pedres volc\u00e0niques tenen problemes de suministrament d&#8217;aigua,llum i queviures.<\/p>\n<p>AJUDEM-LES AMB UNA DONACI\u00d3 PUNTUAL AL N\u00b0COMPTE: ES79 2038 8900 42 6000206510<\/p>\n<p>\t\t<img loading=\"lazy\" width=\"479\" height=\"310\" src=\"http:\/\/vitamundi.org\/wp-content\/uploads\/2018\/06\/guatemala-emergencia.jpg\" alt=\"\" srcset=\"http:\/\/vitamundi.org\/wp-content\/uploads\/2018\/06\/guatemala-emergencia.jpg 479w, http:\/\/vitamundi.org\/wp-content\/uploads\/2018\/06\/guatemala-emergencia-300x194.jpg 300w\" sizes=\"(max-width: 479px) 100vw, 479px\" \/><br \/>\n\t\t<img loading=\"lazy\" width=\"478\" height=\"307\" src=\"http:\/\/vitamundi.org\/wp-content\/uploads\/2018\/06\/guatemala-emergencia-2.jpg\" alt=\"\" srcset=\"http:\/\/vitamundi.org\/wp-content\/uploads\/2018\/06\/guatemala-emergencia-2.jpg 478w, http:\/\/vitamundi.org\/wp-content\/uploads\/2018\/06\/guatemala-emergencia-2-300x193.jpg 300w\" sizes=\"(max-width: 478px) 100vw, 478px\" \/><\/p>\n","protected":false},"excerpt":{"rendered":"<p>Situaci\u00f3 d&#8217;emerg\u00e8ncia a Guatemala Tot el nostre recol\u00e7ament i solidaritat amb les Gnes.Betsab\u00e9 i Elvisa, que dirigeixen\u00a0 el Hogar Nido\u00a0 Jes\u00fas\u00a0 Ni\u00f1o a San Miguel Due\u00f1as i amb les que col.laborem apadrinant alguns dels nens acollits, afectades\u00a0 per la erupci\u00f3 del volc\u00e0 Fuego. Per sort no\u00a0sigut necesari\u00a0evacuar el Hogar, per\u00f2 a causa de les cendres\u00a0 &#8230; <\/p>\n<p class=\"read-more-container\"><a title=\"Emerg\u00e8ncia a Guatemala\" class=\"read-more button\" href=\"http:\/\/vitamundi.org\/ca\/situacio-demergencia-a-guatemala\/#more-4443\">Leer m\u00e1s<span class=\"screen-reader-text\">Emerg\u00e8ncia a Guatemala<\/span><\/a><\/p>\n","protected":false},"author":1,"featured_media":0,"comment_status":"closed","ping_status":"open","sticky":false,"template":"","format":"standard","meta":{"generate_page_header":""},"categories":[26],"tags":[],"_links":{"self":[{"href":"http:\/\/vitamundi.org\/ca\/wp-json\/wp\/v2\/posts\/4443"}],"collection":[{"href":"http:\/\/vitamundi.org\/ca\/wp-json\/wp\/v2\/posts"}],"about":[{"href":"http:\/\/vitamundi.org\/ca\/wp-json\/wp\/v2\/types\/post"}],"author":[{"embeddable":true,"href":"http:\/\/vitamundi.org\/ca\/wp-json\/wp\/v2\/users\/1"}],"replies":[{"embeddable":true,"href":"http:\/\/vitamundi.org\/ca\/wp-json\/wp\/v2\/comments?post=4443"}],"version-history":[{"count":12,"href":"http:\/\/vitamundi.org\/ca\/wp-json\/wp\/v2\/posts\/4443\/revisions"}],"predecessor-version":[{"id":4482,"href":"http:\/\/vitamundi.org\/ca\/wp-json\/wp\/v2\/posts\/4443\/revisions\/4482"}],"wp:attachment":[{"href":"http:\/\/vitamundi.org\/ca\/wp-json\/wp\/v2\/media?parent=4443"}],"wp:term":[{"taxonomy":"category","embeddable":true,"href":"http:\/\/vitamundi.org\/ca\/wp-json\/wp\/v2\/categories?post=4443"},{"taxonomy":"post_tag","embeddable":true,"href":"http:\/\/vitamundi.org\/ca\/wp-json\/wp\/v2\/tags?post=4443"}],"curies":[{"name":"wp","href":"https:\/\/api.w.org\/{rel}","templated":true}]}}