{"id":5908,"date":"2019-09-28T11:13:50","date_gmt":"2019-09-28T10:13:50","guid":{"rendered":"http:\/\/vitamundi.org\/projecte-horts-escolars-a-bolonco-guatemala\/"},"modified":"2019-09-28T11:18:01","modified_gmt":"2019-09-28T10:18:01","slug":"projecte-horts-escolars-a-bolonco-guatemala","status":"publish","type":"post","link":"http:\/\/vitamundi.org\/ca\/projecte-horts-escolars-a-bolonco-guatemala\/","title":{"rendered":"Projecte Horts Escolars a Bolonco (Guatemala)"},"content":{"rendered":"<p>VITAMUNDI ha posat en marxa aquest any a Guatemala la construcci\u00f3 i manteniment d&#8217;un hort escolar a la Escuela Publica rural Mixta de Bolonco, amb la idea de proveir als alumnes, a mig termini, d&#8217;una adequada alimentaci\u00f3. L&#8217;oportunitat de conrear hortalisses beneficiar\u00e0 als nens i nenes de l&#8217;escola implicant-los en el seu autoabastiment i consum responsable, a m\u00e9s de millorar les condicions d&#8217;acc\u00e9s a una dieta equilibrada.<\/p>\n<p>\t\t<img loading=\"lazy\" width=\"1024\" height=\"682\" src=\"\" alt=\"\" srcset=\" 1024w, http:\/\/vitamundi.org\/wp-content\/uploads\/2019\/08\/IMG-20190616-WA0003-1-300x200.jpg 300w, http:\/\/vitamundi.org\/wp-content\/uploads\/2019\/08\/IMG-20190616-WA0003-1-768x512.jpg 768w, http:\/\/vitamundi.org\/wp-content\/uploads\/2019\/08\/IMG-20190616-WA0003-1.jpg 1600w\" sizes=\"(max-width: 1024px) 100vw, 1024px\" \/>\t\t<\/p>\n<p>El Projecte, en una primera fase, preveu la preparaci\u00f3 de terrenys confrontants amb l&#8217;escola per plantar diverses hortalisses(enciam,tom\u00e0quets,arbeja,coriandre,cogombre,raves&#8230;) i posteriorment, en una segona fase, pret\u00e8n construir un gorg de piscifactoria o un galliner per complementar la dieta amb prote\u00efnes d&#8217;origen animal.<\/p>\n<p>\t\t<img loading=\"lazy\" width=\"1024\" height=\"576\" src=\"\" alt=\"\" srcset=\" 1024w, http:\/\/vitamundi.org\/wp-content\/uploads\/2019\/08\/IMG-20190813-WA0012-300x169.jpg 300w, http:\/\/vitamundi.org\/wp-content\/uploads\/2019\/08\/IMG-20190813-WA0012-768x432.jpg 768w, http:\/\/vitamundi.org\/wp-content\/uploads\/2019\/08\/IMG-20190813-WA0012.jpg 1600w\" sizes=\"(max-width: 1024px) 100vw, 1024px\" \/><br \/>\n\t\t<img loading=\"lazy\" width=\"1024\" height=\"505\" src=\"\" alt=\"\" srcset=\" 1024w, http:\/\/vitamundi.org\/wp-content\/uploads\/2019\/08\/IMG-20190815-WA0020-300x148.jpg 300w, http:\/\/vitamundi.org\/wp-content\/uploads\/2019\/08\/IMG-20190815-WA0020-768x379.jpg 768w, http:\/\/vitamundi.org\/wp-content\/uploads\/2019\/08\/IMG-20190815-WA0020.jpg 1152w\" sizes=\"(max-width: 1024px) 100vw, 1024px\" \/><\/p>\n","protected":false},"excerpt":{"rendered":"<p>VITAMUNDI ha posat en marxa aquest any a Guatemala la construcci\u00f3 i manteniment d&#8217;un hort escolar a la Escuela Publica rural Mixta de Bolonco, amb la idea de proveir als alumnes, a mig termini, d&#8217;una adequada alimentaci\u00f3. L&#8217;oportunitat de conrear hortalisses beneficiar\u00e0 als nens i nenes de l&#8217;escola implicant-los en el seu autoabastiment i consum &#8230; <\/p>\n<p class=\"read-more-container\"><a title=\"Projecte Horts Escolars a Bolonco (Guatemala)\" class=\"read-more button\" href=\"http:\/\/vitamundi.org\/ca\/projecte-horts-escolars-a-bolonco-guatemala\/#more-5908\">Leer m\u00e1s<span class=\"screen-reader-text\">Projecte Horts Escolars a Bolonco (Guatemala)<\/span><\/a><\/p>\n","protected":false},"author":1,"featured_media":0,"comment_status":"closed","ping_status":"open","sticky":false,"template":"","format":"standard","meta":{"generate_page_header":""},"categories":[26],"tags":[30],"_links":{"self":[{"href":"http:\/\/vitamundi.org\/ca\/wp-json\/wp\/v2\/posts\/5908"}],"collection":[{"href":"http:\/\/vitamundi.org\/ca\/wp-json\/wp\/v2\/posts"}],"about":[{"href":"http:\/\/vitamundi.org\/ca\/wp-json\/wp\/v2\/types\/post"}],"author":[{"embeddable":true,"href":"http:\/\/vitamundi.org\/ca\/wp-json\/wp\/v2\/users\/1"}],"replies":[{"embeddable":true,"href":"http:\/\/vitamundi.org\/ca\/wp-json\/wp\/v2\/comments?post=5908"}],"version-history":[{"count":5,"href":"http:\/\/vitamundi.org\/ca\/wp-json\/wp\/v2\/posts\/5908\/revisions"}],"predecessor-version":[{"id":5915,"href":"http:\/\/vitamundi.org\/ca\/wp-json\/wp\/v2\/posts\/5908\/revisions\/5915"}],"wp:attachment":[{"href":"http:\/\/vitamundi.org\/ca\/wp-json\/wp\/v2\/media?parent=5908"}],"wp:term":[{"taxonomy":"category","embeddable":true,"href":"http:\/\/vitamundi.org\/ca\/wp-json\/wp\/v2\/categories?post=5908"},{"taxonomy":"post_tag","embeddable":true,"href":"http:\/\/vitamundi.org\/ca\/wp-json\/wp\/v2\/tags?post=5908"}],"curies":[{"name":"wp","href":"https:\/\/api.w.org\/{rel}","templated":true}]}}